{"id":2705,"date":"2020-10-21T08:02:29","date_gmt":"2020-10-21T05:02:29","guid":{"rendered":"https:\/\/lingusta.com.tr\/blog\/?p=2705"},"modified":"2020-10-21T08:02:31","modified_gmt":"2020-10-21T05:02:31","slug":"province-ne-demek","status":"publish","type":"post","link":"https:\/\/lingusta.com.tr\/blog\/province-ne-demek\/","title":{"rendered":"Province Ne Demek? Province Kelimesi T\u00fcrk\u00e7e Anlamlar\u0131 ve \u00d6rnek Kullan\u0131mlar\u0131"},"content":{"rendered":"\n<div class=\"wp-block-group\"><div class=\"wp-block-group__inner-container is-layout-flow wp-block-group-is-layout-flow\">\n<div class=\"wp-block-group\"><div class=\"wp-block-group__inner-container is-layout-flow wp-block-group-is-layout-flow\">\n<div class=\"wp-block-group\"><div class=\"wp-block-group__inner-container is-layout-flow wp-block-group-is-layout-flow\">\n<div class=\"wp-block-group has-background\" style=\"background-color:#f1f1f1\"><div class=\"wp-block-group__inner-container is-layout-flow wp-block-group-is-layout-flow\">\n<p class=\"has-large-font-size\"><strong>province<\/strong> (<em>isim<\/em>) <\/p>\n\n\n\n<ol class=\"wp-block-list\"><li><strong>Vilayet, il, saha, ta\u015fra, yetki alan\u0131, \u00fclkenin idari b\u00f6l\u00fcmlerinden biri, eyalet<\/strong><\/li><\/ol>\n\n\n\n<ul class=\"wp-block-list\"><li>My uncle was the governor of this province for 15 years.<\/li><\/ul>\n\n\n\n<p><em>(Benim amcam 15 y\u0131l bu ilin valili\u011fini yapt\u0131.)<\/em><\/p>\n\n\n\n<ul class=\"wp-block-list\"><li>A curfew was declared throughout the province due to Covid-19.<\/li><\/ul>\n\n\n\n<p><em>(Covid- 19 nedeniyle il genelinde soka\u011fa \u00e7\u0131kma yasa\u011f\u0131 ilan edildi.)<\/em><\/p>\n\n\n\n<ul class=\"wp-block-list\"><li>This is the most famous cafe in this province.<\/li><\/ul>\n\n\n\n<p><em>(Bu eyaletteki en \u00fcnl\u00fc kafe buras\u0131d\u0131r.)<\/em><\/p>\n\n\n\n<ul class=\"wp-block-list\"><li>All my memories take place in this province where I lived since I was born.<\/li><\/ul>\n\n\n\n<p><em>(T\u00fcm an\u0131lar\u0131m do\u011fdu\u011fumdan beri ya\u015fad\u0131\u011f\u0131m bu ilde ge\u00e7iyor.)<\/em><\/p>\n<\/div><\/div>\n\n\n\n<div style=\"height:50px\" aria-hidden=\"true\" class=\"wp-block-spacer\"><\/div>\n\n\n\n<div class=\"wp-block-group has-background\" style=\"background-color:#f1f1f1\"><div class=\"wp-block-group__inner-container is-layout-flow wp-block-group-is-layout-flow\">\n<p class=\"has-large-font-size\"><strong>Province Kelimesinin Di\u011fer S\u00f6zc\u00fcklerle Kullan\u0131lmas\u0131yla Ortaya \u00c7\u0131kan Yap\u0131lar<\/strong><\/p>\n\n\n\n<ul class=\"wp-block-list\"><li><strong>Be within the province of someone: <\/strong>G\u00f6rev alan\u0131na girmek<\/li><li><strong>Governor of a province: <\/strong>Vali, ilbey<\/li><li><strong>Province-wide: <\/strong>\u0130l geneli<\/li><li><strong>Province bank: <\/strong>\u0130ller bankas\u0131 <\/li><li><strong>Sub-province: <\/strong>\u0130l\u00e7e<\/li><li><strong>Cape province: <\/strong>\u00dcmit burnu<\/li><\/ul>\n<\/div><\/div>\n\n\n\n<div style=\"height:50px\" aria-hidden=\"true\" class=\"wp-block-spacer\"><\/div>\n\n\n\n<div class=\"wp-block-group has-background\" style=\"background-color:#f1f1f1\"><div class=\"wp-block-group__inner-container is-layout-flow wp-block-group-is-layout-flow\">\n<p class=\"has-large-font-size\"><strong>Province Kelimesi ile E\u015f Anlaml\u0131 Kelimeler<\/strong> <\/p>\n\n\n\n<ul class=\"wp-block-list\"><li>Territory<\/li><li>Region<\/li><li>State<\/li><li>Department<\/li><li>Canton<\/li><li>Area<\/li><li>District<\/li><li>Zone<\/li><li>Colony<\/li><\/ul>\n<\/div><\/div>\n<\/div><\/div>\n<\/div><\/div>\n<\/div><\/div>\n","protected":false},"excerpt":{"rendered":"<p>province (isim) Vilayet, il, saha, ta\u015fra, yetki alan\u0131, \u00fclkenin idari b\u00f6l\u00fcmlerinden biri, eyalet My uncle was the governor of this province for 15 years. (Benim amcam 15 y\u0131l bu ilin valili\u011fini yapt\u0131.) A curfew was declared throughout the province due to Covid-19. (Covid- 19 nedeniyle il genelinde soka\u011fa \u00e7\u0131kma yasa\u011f\u0131 ilan edildi.) This is the<\/p>\n","protected":false},"author":1,"featured_media":2693,"comment_status":"closed","ping_status":"closed","sticky":false,"template":"","format":"standard","meta":{"om_disable_all_campaigns":false,"footnotes":""},"categories":[497],"tags":[1973,1974,1975,1976],"class_list":{"0":"post-2705","1":"post","2":"type-post","3":"status-publish","4":"format-standard","5":"has-post-thumbnail","7":"category-ne-demek","8":"tag-province-ne-demek","9":"tag-province-turkce","10":"tag-province-turkce-anlami","11":"tag-province-turkce-anlamlari"},"yoast_head":"<!-- This site is optimized with the Yoast SEO Premium plugin v14.7 - https:\/\/yoast.com\/wordpress\/plugins\/seo\/ -->\r\n<title>Province Ne Demek? Province T\u00fcrk\u00e7e Anlamlar\u0131 ve \u00d6rnek Kullan\u0131mlar\u0131<\/title>\r\n<meta name=\"description\" content=\"\u0130ngilizce province ne demek? Province kelimesinin T\u00fcrk\u00e7e kar\u015f\u0131l\u0131\u011f\u0131 nedir? \u00d6rnek c\u00fcmleler, kullan\u0131mlar\u0131 ve e\u015f anlam\u0131 kelimeler ile anlat\u0131m\u0131.\" \/>\r\n<meta name=\"robots\" content=\"index, follow\" \/>\r\n<meta name=\"googlebot\" content=\"index, follow, max-snippet:-1, max-image-preview:large, max-video-preview:-1\" \/>\r\n<meta name=\"bingbot\" content=\"index, follow, max-snippet:-1, max-image-preview:large, max-video-preview:-1\" \/>\r\n<link rel=\"canonical\" href=\"https:\/\/lingusta.com.tr\/blog\/province-ne-demek\/\" \/>\r\n<meta property=\"og:locale\" content=\"tr_TR\" \/>\r\n<meta property=\"og:type\" content=\"article\" \/>\r\n<meta property=\"og:title\" content=\"Province Ne Demek? Province T\u00fcrk\u00e7e Anlamlar\u0131 ve \u00d6rnek Kullan\u0131mlar\u0131\" \/>\r\n<meta property=\"og:description\" content=\"\u0130ngilizce province ne demek? Province kelimesinin T\u00fcrk\u00e7e kar\u015f\u0131l\u0131\u011f\u0131 nedir? \u00d6rnek c\u00fcmleler, kullan\u0131mlar\u0131 ve e\u015f anlam\u0131 kelimeler ile anlat\u0131m\u0131.\" \/>\r\n<meta property=\"og:url\" content=\"https:\/\/lingusta.com.tr\/blog\/province-ne-demek\/\" \/>\r\n<meta property=\"og:site_name\" content=\"Lingusta\" \/>\r\n<meta property=\"article:publisher\" content=\"https:\/\/facebook.com\/lingustametodu\/\" \/>\r\n<meta property=\"article:published_time\" content=\"2020-10-21T05:02:29+00:00\" \/>\r\n<meta property=\"article:modified_time\" content=\"2020-10-21T05:02:31+00:00\" \/>\r\n<meta property=\"og:image\" content=\"https:\/\/lingusta.com.tr\/blog\/wp-content\/uploads\/2020\/10\/province-ne-demek.png\" \/>\r\n\t<meta property=\"og:image:width\" content=\"1201\" \/>\r\n\t<meta property=\"og:image:height\" content=\"676\" \/>\r\n<meta name=\"twitter:card\" content=\"summary\" \/>\r\n<meta name=\"twitter:creator\" content=\"@LingustaEgitim\" \/>\r\n<meta name=\"twitter:site\" content=\"@LingustaEgitim\" \/>\r\n<script type=\"application\/ld+json\" class=\"yoast-schema-graph\">{\"@context\":\"https:\/\/schema.org\",\"@graph\":[{\"@type\":\"Organization\",\"@id\":\"https:\/\/lingusta.com.tr\/blog\/#organization\",\"name\":\"LINGUSTA BILISIM VE EGITIM TEKNOLOJILERI ANONIM SIRKETI\",\"url\":\"https:\/\/lingusta.com.tr\/blog\/\",\"sameAs\":[\"https:\/\/facebook.com\/lingustametodu\/\",\"https:\/\/www.instagram.com\/lingustacomtr\/\",\"https:\/\/www.linkedin.com\/company\/lingusta-e-itim\",\"https:\/\/twitter.com\/LingustaEgitim\"],\"logo\":{\"@type\":\"ImageObject\",\"@id\":\"https:\/\/lingusta.com.tr\/blog\/#logo\",\"inLanguage\":\"tr\",\"url\":\"https:\/\/lingusta.com.tr\/blog\/wp-content\/uploads\/2024\/05\/Lingusta-Metodu.png\",\"width\":198,\"height\":64,\"caption\":\"LINGUSTA BILISIM VE EGITIM TEKNOLOJILERI ANONIM SIRKETI\"},\"image\":{\"@id\":\"https:\/\/lingusta.com.tr\/blog\/#logo\"}},{\"@type\":\"WebSite\",\"@id\":\"https:\/\/lingusta.com.tr\/blog\/#website\",\"url\":\"https:\/\/lingusta.com.tr\/blog\/\",\"name\":\"Lingusta\",\"description\":\"Ak\\u0131c\\u0131 \\u0130ngilizce Konu\\u015f\",\"publisher\":{\"@id\":\"https:\/\/lingusta.com.tr\/blog\/#organization\"},\"potentialAction\":[{\"@type\":\"SearchAction\",\"target\":\"https:\/\/lingusta.com.tr\/blog\/?s={search_term_string}\",\"query-input\":\"required name=search_term_string\"}],\"inLanguage\":\"tr\"},{\"@type\":\"ImageObject\",\"@id\":\"https:\/\/lingusta.com.tr\/blog\/province-ne-demek\/#primaryimage\",\"inLanguage\":\"tr\",\"url\":\"https:\/\/lingusta.com.tr\/blog\/wp-content\/uploads\/2020\/10\/province-ne-demek.png\",\"width\":1201,\"height\":676,\"caption\":\"province ne demek\"},{\"@type\":\"WebPage\",\"@id\":\"https:\/\/lingusta.com.tr\/blog\/province-ne-demek\/#webpage\",\"url\":\"https:\/\/lingusta.com.tr\/blog\/province-ne-demek\/\",\"name\":\"Province Ne Demek? Province T\\u00fcrk\\u00e7e Anlamlar\\u0131 ve \\u00d6rnek Kullan\\u0131mlar\\u0131\",\"isPartOf\":{\"@id\":\"https:\/\/lingusta.com.tr\/blog\/#website\"},\"primaryImageOfPage\":{\"@id\":\"https:\/\/lingusta.com.tr\/blog\/province-ne-demek\/#primaryimage\"},\"datePublished\":\"2020-10-21T05:02:29+00:00\",\"dateModified\":\"2020-10-21T05:02:31+00:00\",\"description\":\"\\u0130ngilizce province ne demek? Province kelimesinin T\\u00fcrk\\u00e7e kar\\u015f\\u0131l\\u0131\\u011f\\u0131 nedir? \\u00d6rnek c\\u00fcmleler, kullan\\u0131mlar\\u0131 ve e\\u015f anlam\\u0131 kelimeler ile anlat\\u0131m\\u0131.\",\"inLanguage\":\"tr\",\"potentialAction\":[{\"@type\":\"ReadAction\",\"target\":[\"https:\/\/lingusta.com.tr\/blog\/province-ne-demek\/\"]}]},{\"@type\":\"Article\",\"@id\":\"https:\/\/lingusta.com.tr\/blog\/province-ne-demek\/#article\",\"isPartOf\":{\"@id\":\"https:\/\/lingusta.com.tr\/blog\/province-ne-demek\/#webpage\"},\"author\":{\"@id\":\"https:\/\/lingusta.com.tr\/blog\/#\/schema\/person\/4bde851da58055ea355874a165a28cfb\"},\"headline\":\"Province Ne Demek? Province Kelimesi T\\u00fcrk\\u00e7e Anlamlar\\u0131 ve \\u00d6rnek Kullan\\u0131mlar\\u0131\",\"datePublished\":\"2020-10-21T05:02:29+00:00\",\"dateModified\":\"2020-10-21T05:02:31+00:00\",\"mainEntityOfPage\":{\"@id\":\"https:\/\/lingusta.com.tr\/blog\/province-ne-demek\/#webpage\"},\"publisher\":{\"@id\":\"https:\/\/lingusta.com.tr\/blog\/#organization\"},\"image\":{\"@id\":\"https:\/\/lingusta.com.tr\/blog\/province-ne-demek\/#primaryimage\"},\"keywords\":\"province ne demek,province T\\u00fcrk\\u00e7e,province T\\u00fcrk\\u00e7e Anlam\\u0131,province T\\u00fcrk\\u00e7e Anlamlar\\u0131\",\"articleSection\":\"Ne Demek?\",\"inLanguage\":\"tr\"},{\"@type\":[\"Person\"],\"@id\":\"https:\/\/lingusta.com.tr\/blog\/#\/schema\/person\/4bde851da58055ea355874a165a28cfb\",\"name\":\"Lingusta\"}]}<\/script>\r\n<!-- \/ Yoast SEO Premium plugin. -->","_links":{"self":[{"href":"https:\/\/lingusta.com.tr\/blog\/wp-json\/wp\/v2\/posts\/2705","targetHints":{"allow":["GET"]}}],"collection":[{"href":"https:\/\/lingusta.com.tr\/blog\/wp-json\/wp\/v2\/posts"}],"about":[{"href":"https:\/\/lingusta.com.tr\/blog\/wp-json\/wp\/v2\/types\/post"}],"author":[{"embeddable":true,"href":"https:\/\/lingusta.com.tr\/blog\/wp-json\/wp\/v2\/users\/1"}],"replies":[{"embeddable":true,"href":"https:\/\/lingusta.com.tr\/blog\/wp-json\/wp\/v2\/comments?post=2705"}],"version-history":[{"count":2,"href":"https:\/\/lingusta.com.tr\/blog\/wp-json\/wp\/v2\/posts\/2705\/revisions"}],"predecessor-version":[{"id":2708,"href":"https:\/\/lingusta.com.tr\/blog\/wp-json\/wp\/v2\/posts\/2705\/revisions\/2708"}],"wp:featuredmedia":[{"embeddable":true,"href":"https:\/\/lingusta.com.tr\/blog\/wp-json\/wp\/v2\/media\/2693"}],"wp:attachment":[{"href":"https:\/\/lingusta.com.tr\/blog\/wp-json\/wp\/v2\/media?parent=2705"}],"wp:term":[{"taxonomy":"category","embeddable":true,"href":"https:\/\/lingusta.com.tr\/blog\/wp-json\/wp\/v2\/categories?post=2705"},{"taxonomy":"post_tag","embeddable":true,"href":"https:\/\/lingusta.com.tr\/blog\/wp-json\/wp\/v2\/tags?post=2705"}],"curies":[{"name":"wp","href":"https:\/\/api.w.org\/{rel}","templated":true}]}}