{"id":1170,"date":"2020-08-22T15:41:20","date_gmt":"2020-08-22T12:41:20","guid":{"rendered":"https:\/\/lingusta.com.tr\/blog\/?p=1170"},"modified":"2020-09-29T16:08:12","modified_gmt":"2020-09-29T13:08:12","slug":"am-pm-nedir","status":"publish","type":"post","link":"https:\/\/lingusta.com.tr\/blog\/am-pm-nedir\/","title":{"rendered":"AM ve PM Fark\u0131 Nedir? \u0130ngilizce Saatlerde AM ve PM Kullan\u0131m\u0131"},"content":{"rendered":"\n<p>Ana dilimiz T\u00fcrk\u00e7eyle bir\u00e7ok anlamda farkl\u0131l\u0131k g\u00f6steren <a href=\"https:\/\/lingusta.com.tr\/blog\/ingilizce-saatler-konusu\/\">\u0130ngilizcede saatler<\/a> de farkl\u0131 \u015fekillerde belirtilmektedir. AM ve PM kullan\u0131m\u0131 belirtmek istedi\u011fimiz saati daha rahat ifade etmemiz sa\u011flar.<\/p>\n\n\n\n<p>Bu anlamda iki farkl\u0131 zaman dilimi kullan\u0131lan \u0130ngilizcede bizde tam bir 24 saatle ifade edilen g\u00fcn; 12\u2019\u015fer saatlik iki farkl\u0131 yar\u0131ya b\u00f6l\u00fcnm\u00fc\u015ft\u00fcr.<\/p>\n\n\n\n<figure class=\"wp-block-embed-youtube wp-block-embed is-type-video is-provider-youtube wp-embed-aspect-16-9 wp-has-aspect-ratio\"><div class=\"wp-block-embed__wrapper\">\n<iframe loading=\"lazy\" title=\"AM &amp; PM\" width=\"770\" height=\"433\" src=\"https:\/\/www.youtube.com\/embed\/r08k3DnHRXw?feature=oembed\" frameborder=\"0\" allow=\"accelerometer; autoplay; clipboard-write; encrypted-media; gyroscope; picture-in-picture\" allowfullscreen><\/iframe>\n<\/div><\/figure>\n\n\n\n<p>\u00d6rne\u011fin saat ak\u015fam 9\u2019dan bahsederken 21.00 gibi bir kullan\u0131m \u0130ngilizcede yanl\u0131\u015f olacakt\u0131r.<\/p>\n\n\n\n<p>Sabah 9\u2019u ak\u015fam 9\u2019dan ay\u0131r\u0131rken bu noktada devreye \u201cAM\u2019\u2019 ve \u201cPM\u2019\u2019 kal\u0131plar\u0131 girmektedir.<\/p>\n\n\n\n<p>Gerek g\u00fcnl\u00fck i\u015flerimizi d\u00fczenlerken gerek kar\u015f\u0131l\u0131kl\u0131 konu\u015fmalarda kar\u015f\u0131daki ki\u015filere planlar\u0131m\u0131z\u0131 belirtirken saatleri do\u011fru \u015fekilde belirtmek bu anlamda \u00f6nem ta\u015f\u0131maktad\u0131r.<\/p>\n\n\n\n<p>\u201cAM\u2019\u2019 ve \u201cPM\u2019\u2019 k\u0131saltmalar\u0131 ise Latinceden \u0130ngilizceye ge\u00e7mi\u015ftir.<\/p>\n\n\n\n<p>AM (ey em) <em>Ante Meridiem<\/em> yani \u201c\u00f6\u011fleden \u00f6nce\u2019\u2019ye kar\u015f\u0131l\u0131k gelirken, PM (pi em) <em>Post Meridiem<\/em> yani \u201c\u00f6\u011fleden sonra\u2019\u2019ya kar\u015f\u0131l\u0131k gelmektedir.<\/p>\n\n\n\n<p>AM ve PM kal\u0131plar\u0131n\u0131n c\u00fcmle olu\u015ftururken kullan\u0131m \u015fekline bakt\u0131\u011f\u0131m\u0131zda ise farkl\u0131 \u015fekillerde kullan\u0131ld\u0131\u011f\u0131n\u0131 g\u00f6rmekteyiz.<\/p>\n\n\n\n<p>Hem k\u00fc\u00e7\u00fck harflerle \u201cam ve pm\u2019\u2019 veya \u201ca.m ve p.m\u2019\u2019 olarak hem de \u201cA.M ve P.M\u2019\u2019 veya \u201cAM ve PM\u2019\u2019 olarak yaz\u0131lmalar\u0131yla kar\u015f\u0131la\u015f\u0131r\u0131z.<\/p>\n\n\n\n<p>AM ve PM k\u0131saltmalar\u0131n\u0131 saatleri s\u00f6ylerken, saatin ka\u00e7 oldu\u011funu belirtirken kullanaca\u011f\u0131m\u0131z i\u00e7in bu bilgileri hat\u0131rlamakta fayda var:<\/p>\n\n\n\n<ul class=\"wp-block-list\"><li>Saatin ka\u00e7 oldu\u011funu sorarken kulland\u0131\u011f\u0131m\u0131z kal\u0131p:<br><em>\u201cWhat time is it?\u2019\u2019<\/em> ve <em><br>\u201cWhat is the time?<\/em>\u2019\u2019d\u0131r.<\/li><\/ul>\n\n\n\n<p>Saatin ka\u00e7 oldu\u011fu sorusuna (What time is it?) basit\u00e7e \u201cIt\u2019s 11 o\u2019clock\u2019\u2019 ya da \u201cIt\u2019s 11\u2019\u2019 gibi cevaplar verilebilir.<\/p>\n\n\n\n<p>Gece yar\u0131s\u0131 saat 12.00\u2019den yani saat 24.00\u2019ten \u201cmidnight\u2019\u2019 olarak s\u00f6z edilir. <\/p>\n\n\n\n<p>Yani size gece yar\u0131s\u0131 saat 12.00\u2019de saatin ka\u00e7 oldu\u011fu soruldu\u011funda \u201cIt\u2019s twelwe o\u2019clock\u2019\u2019 denilmez.<\/p>\n\n\n\n<p>\u201cIt\u2019s midnight\u2019\u2019 denilerek saatin ka\u00e7 oldu\u011funa cevap verilir.<\/p>\n\n\n\n<p>Fakat \u00f6\u011flen 12.00\u2019de saatin ka\u00e7 oldu\u011funu belirtmeniz gerekiyorsa bu durumda \u201cIt\u2019s 12.00 o\u2019clock\u2019\u2019 olarak cevap verebilirsiniz.<\/p>\n\n\n\n<p>\u201cMorning\u2019\u2019 kelimesi \u201csabah\u2019\u2019, \u201cnoon\u2019\u2019 ya da \u201cmidday\u2019\u2019 \u00f6\u011flen, \u201cafternoon\u2019\u2019 \u00f6\u011fleden sonra, \u201cevening\u2019\u2019 ak\u015fam, \u201cnight\u2019\u2019 gece ve \u201cmidnight\u2019\u2019 gece yar\u0131s\u0131 kelimelerine kar\u015f\u0131l\u0131k gelmektedir.<\/p>\n\n\n\n<p>Saatleri belirttikten sonra detay olarak g\u00fcn\u00fcn hangi evresine denk geldi\u011fi c\u00fcmleye bu kelimeler eklenerek belirtilebilir.&nbsp;<\/p>\n\n\n\n<div id=\"ez-toc-container\" class=\"ez-toc-v2_0_76 counter-hierarchy ez-toc-counter ez-toc-custom ez-toc-container-direction\">\r\n<div class=\"ez-toc-title-container\"><p class=\"ez-toc-title\" style=\"cursor:inherit\">Konu Ba\u015fl\u0131klar\u0131<\/p>\r\n<\/div><nav><ul class='ez-toc-list ez-toc-list-level-1 ' ><li class='ez-toc-page-1 ez-toc-heading-level-2'><a class=\"ez-toc-link ez-toc-heading-1\" href=\"https:\/\/lingusta.com.tr\/blog\/am-pm-nedir\/#AM_Ne_Demek_Ante_Meridiem_AM_PM_Farklari_%E2%80%93_Ogleden_Once\" >AM Ne Demek? (Ante Meridiem) AM PM Farklar\u0131 \u2013 \u00d6\u011fleden \u00d6nce<\/a><ul class='ez-toc-list-level-3' ><li class='ez-toc-heading-level-3'><a class=\"ez-toc-link ez-toc-heading-2\" href=\"https:\/\/lingusta.com.tr\/blog\/am-pm-nedir\/#AM_Kullanim_Ornekleri\" >AM Kullan\u0131m \u00d6rnekleri<\/a><\/li><\/ul><\/li><li class='ez-toc-page-1 ez-toc-heading-level-2'><a class=\"ez-toc-link ez-toc-heading-3\" href=\"https:\/\/lingusta.com.tr\/blog\/am-pm-nedir\/#PM_Ne_Demek_Post_Meridiem_AM_PM_Farklari_%E2%80%93_Ogleden_Sonra\" >PM Ne Demek? (Post Meridiem) AM PM Farklar\u0131 \u2013 \u00d6\u011fleden Sonra<\/a><ul class='ez-toc-list-level-3' ><li class='ez-toc-heading-level-3'><a class=\"ez-toc-link ez-toc-heading-4\" href=\"https:\/\/lingusta.com.tr\/blog\/am-pm-nedir\/#PM_Kullanim_Ornekleri\" >PM Kullan\u0131m \u00d6rnekleri<\/a><\/li><\/ul><\/li><\/ul><\/nav><\/div>\r\n<h2 class=\"wp-block-heading\"><span class=\"ez-toc-section\" id=\"AM_Ne_Demek_Ante_Meridiem_AM_PM_Farklari_%E2%80%93_Ogleden_Once\"><\/span><strong>AM Ne Demek? (Ante Meridiem) <strong>AM PM Farklar\u0131<\/strong><\/strong> <strong>\u2013 \u00d6\u011fleden \u00d6nce<\/strong><span class=\"ez-toc-section-end\"><\/span><\/h2>\n\n\n\n<p><em>Saat 00.00 ile 12.00 aras\u0131ndaki zaman dilimlerini, saatleri \u201cAM\u2019\u2019 kullanarak belirtiriz.<\/em><\/p>\n\n\n\n<figure class=\"wp-block-table\"><table><thead><tr><td><strong>12 Saat<\/strong><\/td><td><strong>24 Saat<\/strong><\/td><\/tr><\/thead><tbody><tr><td>12:00 AM<\/td><td>00:00<\/td><\/tr><tr><td>01:00 AM<\/td><td>01:00<\/td><\/tr><tr><td>02:00 AM<\/td><td>02:00<\/td><\/tr><tr><td>03:00 AM<\/td><td>03:00<\/td><\/tr><tr><td>04:00 AM<\/td><td>04:00<\/td><\/tr><tr><td>05:00 AM<\/td><td>05:00<\/td><\/tr><tr><td>06:00 AM<\/td><td>06:00<\/td><\/tr><tr><td>07:00 AM<\/td><td>07:00<\/td><\/tr><tr><td>08:00 AM<\/td><td>08:00<\/td><\/tr><tr><td>09:00 AM<\/td><td>09:00<\/td><\/tr><tr><td>10:00 AM<\/td><td>10:00<\/td><\/tr><tr><td>11:00 AM<\/td><td>11:00<\/td><\/tr><\/tbody><\/table><\/figure>\n\n\n\n<p>AM yani \u201c\u00f6\u011fleden \u00f6nce\u2019\u2019 gece yar\u0131s\u0131 12\u2019den \u00f6\u011flen 11.59\u2019a kadar ge\u00e7en zamanlar\u0131 belirtirken kullan\u0131lmaktad\u0131r. Gece yar\u0131s\u0131 00.00\u2019dan ba\u015flayarak saat tam \u00f6\u011flen 12.00\u2019yi g\u00f6rene kadar arada ge\u00e7en t\u00fcm saatler \u201cAM\u2019\u2019 ile belirtilmektedir.<\/p>\n\n\n\n<h3 class=\"wp-block-heading\"><span class=\"ez-toc-section\" id=\"AM_Kullanim_Ornekleri\"><\/span>AM Kullan\u0131m \u00d6rnekleri<span class=\"ez-toc-section-end\"><\/span><\/h3>\n\n\n\n<ul class=\"wp-block-list\"><li><em>At what time do you want to meet? <\/em><em><\/em><\/li><\/ul>\n\n\n\n<p><em>(Saat ka\u00e7ta g\u00f6r\u00fc\u015fmek istersin?)<br>I\u2019m planning to get there at 09.00 a.m<\/em><\/p>\n\n\n\n<p><em>(Saat 09.00\u2019da orada olmay\u0131 planl\u0131yorum.)<\/em><\/p>\n\n\n\n<ul class=\"wp-block-list\"><li><em>What time was it when you woke up?<\/em><\/li><\/ul>\n\n\n\n<p><em>(Sen uyand\u0131\u011f\u0131nda saat ka\u00e7t\u0131?)<br>I woke up at 07.00 a.m.<\/em><\/p>\n\n\n\n<p><em>(Sabah 07.00\u2019de uyand\u0131m.)<\/em><\/p>\n\n\n\n<ul class=\"wp-block-list\"><li><em>When did your sister want to meet you?<\/em><\/li><\/ul>\n\n\n\n<p><em>(K\u0131z karde\u015fin seninle ne zaman g\u00f6r\u00fc\u015fmek istiyordu?)<br>My sister wanted to meet me at 11.00 a.m.<\/em><\/p>\n\n\n\n<p><em>(K\u0131z karde\u015fim benimle 11.00\u2019de g\u00f6r\u00fc\u015fmek istedi.)<\/em><\/p>\n\n\n\n<ul class=\"wp-block-list\"><li><em>When is bookstore open on the weekends?&nbsp;<\/em><\/li><\/ul>\n\n\n\n<p><em>(Kitap d\u00fckk\u00e2n\u0131 hafta sonlar\u0131 ne zaman a\u00e7\u0131k?)<br>The bookstore is open from 10.00 a.m to 11.00 a.m. on the weekends.<\/em><\/p>\n\n\n\n<p><em>(Kitap d\u00fckk\u00e2n\u0131 hafta sonlar\u0131 saat 10.00 ile 11.00 aras\u0131nda a\u00e7\u0131k oluyor.)<\/em><\/p>\n\n\n\n<ul class=\"wp-block-list\"><li><em>What time will the bar close?<\/em><\/li><\/ul>\n\n\n\n<p><em>(Bar ne zaman kapanacak?)<\/em><\/p>\n\n\n\n<p><em>The bar will close at 04.00 a.m<\/em><\/p>\n\n\n\n<p><em>(Bar saat 04.00\u2019de kapanacak.)<\/em><\/p>\n\n\n\n<h2 class=\"wp-block-heading\"><span class=\"ez-toc-section\" id=\"PM_Ne_Demek_Post_Meridiem_AM_PM_Farklari_%E2%80%93_Ogleden_Sonra\"><\/span><strong>PM Ne Demek? (Post Meridiem) <strong>AM PM Farklar\u0131<\/strong> \u2013 \u00d6\u011fleden Sonra<\/strong><span class=\"ez-toc-section-end\"><\/span><\/h2>\n\n\n\n<p>Saat 12.00 ile gece yar\u0131s\u0131 24.00 aras\u0131ndaki zaman dilimlerini belirtirken \u201cPM\u2019\u2019 kullan\u0131r\u0131z.<\/p>\n\n\n\n<figure class=\"wp-block-table\"><table><thead><tr><td><strong>12 Saat<\/strong><\/td><td><strong>24 SAAt<\/strong><\/td><\/tr><\/thead><tbody><tr><td>12:00 PM<\/td><td>12:00<\/td><\/tr><tr><td>01:00 PM<\/td><td>13:00<\/td><\/tr><tr><td>02:00 PM<\/td><td>14:00<\/td><\/tr><tr><td>03:00 PM<\/td><td>15:00<\/td><\/tr><tr><td>04:00 PM<\/td><td>16:00<\/td><\/tr><tr><td>05:00 PM<\/td><td>17:00<\/td><\/tr><tr><td>06:00 PM<\/td><td>18:00<\/td><\/tr><tr><td>07:00 PM<\/td><td>19:00<\/td><\/tr><tr><td>08:00 PM<\/td><td>20:00<\/td><\/tr><tr><td>09:00 PM<\/td><td>21:00<\/td><\/tr><tr><td>10:00 PM<\/td><td>22:00<\/td><\/tr><tr><td>11:00 PM<\/td><td>23:00<\/td><\/tr><\/tbody><\/table><\/figure>\n\n\n\n<p>PM yani \u201c\u00f6\u011fleden sonra\u2019\u2019 \u00f6\u011flen 12\u2019den gece yar\u0131s\u0131 12\u2019ye kadar ge\u00e7en zamanlar\u0131 belirtirken kullan\u0131lmaktad\u0131r. \u00d6\u011flen 12.00\u2019den ba\u015flayarak saat gece yar\u0131s\u0131 12.00\u2019yi g\u00f6rene kadar arada ge\u00e7en t\u00fcm saatler \u201cPM\u2019\u2019 ile belirtilmektedir.<\/p>\n\n\n\n<h3 class=\"wp-block-heading\"><span class=\"ez-toc-section\" id=\"PM_Kullanim_Ornekleri\"><\/span>PM Kullan\u0131m \u00d6rnekleri<span class=\"ez-toc-section-end\"><\/span><\/h3>\n\n\n\n<ul class=\"wp-block-list\"><li><em>What time are you planning to start the meeting?<\/em><\/li><\/ul>\n\n\n\n<p><em>(Toplant\u0131y\u0131 saat ka\u00e7ta ba\u015flatmay\u0131 planl\u0131yorsunuz?)<br>We are planning to start the meeting at 05.00 p.m.<\/em><\/p>\n\n\n\n<p><em>(Toplant\u0131y\u0131 saat 17.00\u2019de ba\u015flatmay\u0131 planl\u0131yoruz.)<\/em><\/p>\n\n\n\n<ul class=\"wp-block-list\"><li><em>When did you and Karen decide to eat pizza and call the pizzeria?<\/em><\/li><\/ul>\n\n\n\n<p><em>(Karen ve sen ne zaman pizza yemeye karar verdiniz ve pizzac\u0131y\u0131 arad\u0131n\u0131z?)<br>Karen and I decided to eat pizza at 11.00 pm and we called the pizzeria and ordered a large pizza.<\/em><\/p>\n\n\n\n<p><em>(Karen ve ben saat 11.00\u2019de pizza yemeye karar verdik ve pizzac\u0131y\u0131 aray\u0131p b\u00fcy\u00fck boy bir pizza sipari\u015f ettik.)<\/em><\/p>\n\n\n\n<ul class=\"wp-block-list\"><li><em>For what time did Celine\u2019s boss call and tell her to arrange the meeting?<\/em><\/li><\/ul>\n\n\n\n<p><em>(Hangi vakit i\u00e7in Celine\u2019in patronu onu arad\u0131 ve toplant\u0131y\u0131 ayarlamas\u0131n\u0131 s\u00f6yledi?)<br>Celine\u2019s boss called and told her to arrange the meeting between 2 PM and 3 PM.<\/em><\/p>\n\n\n\n<p><em>(Celine\u2019in patronu onu arayarak toplant\u0131y\u0131 14.00 ile 15.00 aras\u0131na ayarlamas\u0131n\u0131 s\u00f6yledi.)<\/em><\/p>\n\n\n\n<ul class=\"wp-block-list\"><li><em>What time do you have dinner?<\/em><\/li><\/ul>\n\n\n\n<p><em>(Saat ka\u00e7ta ak\u015fam yeme\u011fi yersin?)<br>I always have dinner at 07.00 pm.<\/em><\/p>\n\n\n\n<p><em>(Ben her zaman saat 19.00\u2019de ak\u015fam yeme\u011fi yerim.)<\/em><\/p>\n\n\n\n<ul class=\"wp-block-list\"><li><em>What time do you play video games?<\/em><\/li><\/ul>\n\n\n\n<p><em>(Saat ka\u00e7ta video oyunlar\u0131 oynars\u0131n?)<br>I play video games at 03.45 p.m.<\/em><\/p>\n\n\n\n<p><em>Ben saat 15:45\u2019de video oyunlar\u0131 oynar\u0131m.<\/em><\/p>\n\n\n\n<ul class=\"wp-block-list\"><li><em>What time does he play with his toys?<\/em><\/li><\/ul>\n\n\n\n<p><em>(O saat ka\u00e7ta oyuncaklar\u0131yla oynar?)<\/em><\/p>\n\n\n\n<p><em>He plays with his toys at 07.15. p.m.<\/em><\/p>\n\n\n\n<p><em>(O oyuncaklar\u0131yla 19.15\u2019te oynar.)<\/em><\/p>\n\n\n\n<ul class=\"wp-block-list\"><li><em>What time do you drink a cup of tea?<\/em><\/li><\/ul>\n\n\n\n<p><em>(Saat ka\u00e7ta bir fincan \u00e7ay i\u00e7ersin?)<\/em><\/p>\n\n\n\n<p><em>I drink a cup of tea at 08.10 p.m<\/em><\/p>\n\n\n\n<p><em>(Ben saat 20.10\u2019da bir fincan \u00e7ay i\u00e7erim.)<\/em><\/p>\n\n\n\n<ul class=\"wp-block-list\"><li><em>What time do Susan and Sally go to the cinema?<\/em><\/li><\/ul>\n\n\n\n<p><em>(Susan ve Sally saat ka\u00e7ta sinemaya gider?)<br>Susan and Sally go to the cinema at 09.30 p.m.<\/em><\/p>\n\n\n\n<p><em>(Susan ve Sally saat 21.30\u2019da sinemaya gider.)<\/em><\/p>\n","protected":false},"excerpt":{"rendered":"<p>Ana dilimiz T\u00fcrk\u00e7eyle bir\u00e7ok anlamda farkl\u0131l\u0131k g\u00f6steren \u0130ngilizcede saatler de farkl\u0131 \u015fekillerde belirtilmektedir. AM ve PM kullan\u0131m\u0131 belirtmek istedi\u011fimiz saati daha rahat ifade etmemiz sa\u011flar. Bu anlamda iki farkl\u0131 zaman dilimi kullan\u0131lan \u0130ngilizcede bizde tam bir 24 saatle ifade edilen g\u00fcn; 12\u2019\u015fer saatlik iki farkl\u0131 yar\u0131ya b\u00f6l\u00fcnm\u00fc\u015ft\u00fcr. \u00d6rne\u011fin saat ak\u015fam 9\u2019dan bahsederken 21.00 gibi bir<\/p>\n","protected":false},"author":1,"featured_media":1727,"comment_status":"open","ping_status":"closed","sticky":false,"template":"","format":"standard","meta":{"om_disable_all_campaigns":false,"footnotes":""},"categories":[22],"tags":[834,837,836,835],"class_list":{"0":"post-1170","1":"post","2":"type-post","3":"status-publish","4":"format-standard","5":"has-post-thumbnail","7":"category-ingilizce-dersleri","8":"tag-am-pm","9":"tag-am-pm-farki","10":"tag-am-pm-ne-demek","11":"tag-am-pm-nedir"},"yoast_head":"<!-- This site is optimized with the Yoast SEO Premium plugin v14.7 - https:\/\/yoast.com\/wordpress\/plugins\/seo\/ -->\r\n<title>AM PM Fark\u0131 Nedir? \u0130ngilizce Saatlerde AM ve PM Kullan\u0131m\u0131 | Lingusta<\/title>\r\n<meta name=\"description\" content=\"\u0130ngilizce saatlerden bahsederken olduk\u00e7a s\u0131k kar\u0131\u015ft\u0131r\u0131lan AM ve PM farklar\u0131, kullan\u0131mlar\u0131 ve \u00f6rnek c\u00fcmleleri ile konu anlat\u0131m\u0131.\" \/>\r\n<meta name=\"robots\" content=\"index, follow\" \/>\r\n<meta name=\"googlebot\" content=\"index, follow, max-snippet:-1, max-image-preview:large, max-video-preview:-1\" \/>\r\n<meta name=\"bingbot\" content=\"index, follow, max-snippet:-1, max-image-preview:large, max-video-preview:-1\" \/>\r\n<link rel=\"canonical\" href=\"https:\/\/lingusta.com.tr\/blog\/am-pm-nedir\/\" \/>\r\n<meta property=\"og:locale\" content=\"tr_TR\" \/>\r\n<meta property=\"og:type\" content=\"article\" \/>\r\n<meta property=\"og:title\" content=\"AM PM Fark\u0131 Nedir? \u0130ngilizce Saatlerde AM ve PM Kullan\u0131m\u0131 | Lingusta\" \/>\r\n<meta property=\"og:description\" content=\"\u0130ngilizce saatlerden bahsederken olduk\u00e7a s\u0131k kar\u0131\u015ft\u0131r\u0131lan AM ve PM farklar\u0131, kullan\u0131mlar\u0131 ve \u00f6rnek c\u00fcmleleri ile konu anlat\u0131m\u0131.\" \/>\r\n<meta property=\"og:url\" content=\"https:\/\/lingusta.com.tr\/blog\/am-pm-nedir\/\" \/>\r\n<meta property=\"og:site_name\" content=\"Lingusta\" \/>\r\n<meta property=\"article:publisher\" content=\"https:\/\/facebook.com\/lingustametodu\/\" \/>\r\n<meta property=\"article:published_time\" content=\"2020-08-22T12:41:20+00:00\" \/>\r\n<meta property=\"article:modified_time\" content=\"2020-09-29T13:08:12+00:00\" \/>\r\n<meta property=\"og:image\" content=\"https:\/\/lingusta.com.tr\/blog\/wp-content\/uploads\/2020\/09\/am-pm-farklar\u0131-1.png\" \/>\r\n\t<meta property=\"og:image:width\" content=\"1200\" \/>\r\n\t<meta property=\"og:image:height\" content=\"675\" \/>\r\n<meta name=\"twitter:card\" content=\"summary\" \/>\r\n<meta name=\"twitter:creator\" content=\"@LingustaEgitim\" \/>\r\n<meta name=\"twitter:site\" content=\"@LingustaEgitim\" \/>\r\n<script type=\"application\/ld+json\" class=\"yoast-schema-graph\">{\"@context\":\"https:\/\/schema.org\",\"@graph\":[{\"@type\":\"Organization\",\"@id\":\"https:\/\/lingusta.com.tr\/blog\/#organization\",\"name\":\"LINGUSTA BILISIM VE EGITIM TEKNOLOJILERI ANONIM SIRKETI\",\"url\":\"https:\/\/lingusta.com.tr\/blog\/\",\"sameAs\":[\"https:\/\/facebook.com\/lingustametodu\/\",\"https:\/\/www.instagram.com\/lingustacomtr\/\",\"https:\/\/www.linkedin.com\/company\/lingusta-e-itim\",\"https:\/\/twitter.com\/LingustaEgitim\"],\"logo\":{\"@type\":\"ImageObject\",\"@id\":\"https:\/\/lingusta.com.tr\/blog\/#logo\",\"inLanguage\":\"tr\",\"url\":\"https:\/\/lingusta.com.tr\/blog\/wp-content\/uploads\/2024\/05\/Lingusta-Metodu.png\",\"width\":198,\"height\":64,\"caption\":\"LINGUSTA BILISIM VE EGITIM TEKNOLOJILERI ANONIM SIRKETI\"},\"image\":{\"@id\":\"https:\/\/lingusta.com.tr\/blog\/#logo\"}},{\"@type\":\"WebSite\",\"@id\":\"https:\/\/lingusta.com.tr\/blog\/#website\",\"url\":\"https:\/\/lingusta.com.tr\/blog\/\",\"name\":\"Lingusta\",\"description\":\"Ak\\u0131c\\u0131 \\u0130ngilizce Konu\\u015f\",\"publisher\":{\"@id\":\"https:\/\/lingusta.com.tr\/blog\/#organization\"},\"potentialAction\":[{\"@type\":\"SearchAction\",\"target\":\"https:\/\/lingusta.com.tr\/blog\/?s={search_term_string}\",\"query-input\":\"required name=search_term_string\"}],\"inLanguage\":\"tr\"},{\"@type\":\"ImageObject\",\"@id\":\"https:\/\/lingusta.com.tr\/blog\/am-pm-nedir\/#primaryimage\",\"inLanguage\":\"tr\",\"url\":\"https:\/\/lingusta.com.tr\/blog\/wp-content\/uploads\/2020\/09\/am-pm-farklar\\u0131-1.png\",\"width\":1200,\"height\":675,\"caption\":\"am pm nedir\"},{\"@type\":\"WebPage\",\"@id\":\"https:\/\/lingusta.com.tr\/blog\/am-pm-nedir\/#webpage\",\"url\":\"https:\/\/lingusta.com.tr\/blog\/am-pm-nedir\/\",\"name\":\"AM PM Fark\\u0131 Nedir? \\u0130ngilizce Saatlerde AM ve PM Kullan\\u0131m\\u0131 | Lingusta\",\"isPartOf\":{\"@id\":\"https:\/\/lingusta.com.tr\/blog\/#website\"},\"primaryImageOfPage\":{\"@id\":\"https:\/\/lingusta.com.tr\/blog\/am-pm-nedir\/#primaryimage\"},\"datePublished\":\"2020-08-22T12:41:20+00:00\",\"dateModified\":\"2020-09-29T13:08:12+00:00\",\"description\":\"\\u0130ngilizce saatlerden bahsederken olduk\\u00e7a s\\u0131k kar\\u0131\\u015ft\\u0131r\\u0131lan AM ve PM farklar\\u0131, kullan\\u0131mlar\\u0131 ve \\u00f6rnek c\\u00fcmleleri ile konu anlat\\u0131m\\u0131.\",\"inLanguage\":\"tr\",\"potentialAction\":[{\"@type\":\"ReadAction\",\"target\":[\"https:\/\/lingusta.com.tr\/blog\/am-pm-nedir\/\"]}]},{\"@type\":\"Article\",\"@id\":\"https:\/\/lingusta.com.tr\/blog\/am-pm-nedir\/#article\",\"isPartOf\":{\"@id\":\"https:\/\/lingusta.com.tr\/blog\/am-pm-nedir\/#webpage\"},\"author\":{\"@id\":\"https:\/\/lingusta.com.tr\/blog\/#\/schema\/person\/4bde851da58055ea355874a165a28cfb\"},\"headline\":\"AM ve PM Fark\\u0131 Nedir? \\u0130ngilizce Saatlerde AM ve PM Kullan\\u0131m\\u0131\",\"datePublished\":\"2020-08-22T12:41:20+00:00\",\"dateModified\":\"2020-09-29T13:08:12+00:00\",\"mainEntityOfPage\":{\"@id\":\"https:\/\/lingusta.com.tr\/blog\/am-pm-nedir\/#webpage\"},\"publisher\":{\"@id\":\"https:\/\/lingusta.com.tr\/blog\/#organization\"},\"image\":{\"@id\":\"https:\/\/lingusta.com.tr\/blog\/am-pm-nedir\/#primaryimage\"},\"keywords\":\"am pm,am pm fark\\u0131,am pm ne demek,am pm nedir\",\"articleSection\":\"\\u0130ngilizce Dersleri\",\"inLanguage\":\"tr\",\"potentialAction\":[{\"@type\":\"CommentAction\",\"name\":\"Comment\",\"target\":[\"https:\/\/lingusta.com.tr\/blog\/am-pm-nedir\/#respond\"]}]},{\"@type\":[\"Person\"],\"@id\":\"https:\/\/lingusta.com.tr\/blog\/#\/schema\/person\/4bde851da58055ea355874a165a28cfb\",\"name\":\"Lingusta\"}]}<\/script>\r\n<!-- \/ Yoast SEO Premium plugin. -->","_links":{"self":[{"href":"https:\/\/lingusta.com.tr\/blog\/wp-json\/wp\/v2\/posts\/1170","targetHints":{"allow":["GET"]}}],"collection":[{"href":"https:\/\/lingusta.com.tr\/blog\/wp-json\/wp\/v2\/posts"}],"about":[{"href":"https:\/\/lingusta.com.tr\/blog\/wp-json\/wp\/v2\/types\/post"}],"author":[{"embeddable":true,"href":"https:\/\/lingusta.com.tr\/blog\/wp-json\/wp\/v2\/users\/1"}],"replies":[{"embeddable":true,"href":"https:\/\/lingusta.com.tr\/blog\/wp-json\/wp\/v2\/comments?post=1170"}],"version-history":[{"count":7,"href":"https:\/\/lingusta.com.tr\/blog\/wp-json\/wp\/v2\/posts\/1170\/revisions"}],"predecessor-version":[{"id":1986,"href":"https:\/\/lingusta.com.tr\/blog\/wp-json\/wp\/v2\/posts\/1170\/revisions\/1986"}],"wp:featuredmedia":[{"embeddable":true,"href":"https:\/\/lingusta.com.tr\/blog\/wp-json\/wp\/v2\/media\/1727"}],"wp:attachment":[{"href":"https:\/\/lingusta.com.tr\/blog\/wp-json\/wp\/v2\/media?parent=1170"}],"wp:term":[{"taxonomy":"category","embeddable":true,"href":"https:\/\/lingusta.com.tr\/blog\/wp-json\/wp\/v2\/categories?post=1170"},{"taxonomy":"post_tag","embeddable":true,"href":"https:\/\/lingusta.com.tr\/blog\/wp-json\/wp\/v2\/tags?post=1170"}],"curies":[{"name":"wp","href":"https:\/\/api.w.org\/{rel}","templated":true}]}}